{"id":4436,"date":"2017-02-11T15:54:51","date_gmt":"2017-02-11T14:54:51","guid":{"rendered":"http:\/\/www.designfix.de\/?p=4436\/"},"modified":"2017-03-21T19:54:23","modified_gmt":"2017-03-21T18:54:23","slug":"rebar-vorschau","status":"publish","type":"post","link":"https:\/\/www.designfix.de\/de\/rebar-vorschau\/","title":{"rendered":"DesignFiX &#8211; Rebar Design Fastener Fair 2017"},"content":{"rendered":"<p>[et_pb_section bb_built=&#8220;1&#8243; admin_label=&#8220;section&#8220;][et_pb_row admin_label=&#8220;row&#8220; make_fullwidth=&#8220;off&#8220; use_custom_width=&#8220;off&#8220; width_unit=&#8220;on&#8220; use_custom_gutter=&#8220;off&#8220; custom_padding=&#8220;0px|||&#8220; allow_player_pause=&#8220;off&#8220; parallax=&#8220;off&#8220; parallax_method=&#8220;on&#8220; make_equal=&#8220;off&#8220; parallax_1=&#8220;off&#8220; parallax_method_1=&#8220;off&#8220;][et_pb_column type=&#8220;4_4&#8243;][et_pb_text admin_label=&#8220;Text&#8220; background_layout=&#8220;light&#8220; text_orientation=&#8220;left&#8220; use_border_color=&#8220;off&#8220; border_color=&#8220;#ffffff&#8220; border_style=&#8220;solid&#8220;]<\/p>\n<h1>Fastener Fair 2017: Halle 1, Stand 684<\/h1>\n<p>[\/et_pb_text][et_pb_image admin_label=&#8220;Image&#8220; src=&#8220;https:\/\/www.designfix.de\/wp-content\/uploads\/2017\/02\/DesignFiX-RebarDesign.jpg&#8220; show_in_lightbox=&#8220;on&#8220; url_new_window=&#8220;off&#8220; animation=&#8220;off&#8220; sticky=&#8220;off&#8220; align=&#8220;left&#8220; force_fullwidth=&#8220;off&#8220; always_center_on_mobile=&#8220;on&#8220; use_border_color=&#8220;off&#8220; border_color=&#8220;#ffffff&#8220; border_style=&#8220;solid&#8220; use_overlay=&#8220;off&#8220; \/][et_pb_text admin_label=&#8220;Text&#8220; background_layout=&#8220;light&#8220; text_orientation=&#8220;left&#8220; use_border_color=&#8220;off&#8220; border_color=&#8220;#ffffff&#8220; border_style=&#8220;solid&#8220;]<\/p>\n<h2 style=\"text-align: justify;\">Die 7. Fastener Fair Stuttgart findet vom 28.\u00a0&#8211; 30. M\u00e4rz 2017 auf dem Stuttgarter Messegel\u00e4nde statt. Fachbesucher k\u00f6nnen auf der Fastener Fair Stuttgart die neuesten Technologien sowie herk\u00f6mmliche Systeme aus allen Bereichen des Verbindungs- und Befestigungssektors entdecken und haben die M\u00f6glichkeit, sich dort mit anderen Branchenprofis zu vernetzen.<\/h2>\n<p>[\/et_pb_text][\/et_pb_column][\/et_pb_row][\/et_pb_section][et_pb_section bb_built=&#8220;1&#8243; admin_label=&#8220;Section&#8220; fullwidth=&#8220;off&#8220; specialty=&#8220;off&#8220;][et_pb_row admin_label=&#8220;Row&#8220; make_fullwidth=&#8220;off&#8220; use_custom_width=&#8220;off&#8220; width_unit=&#8220;on&#8220; use_custom_gutter=&#8220;off&#8220; custom_padding=&#8220;0px|||&#8220; allow_player_pause=&#8220;off&#8220; parallax=&#8220;off&#8220; parallax_method=&#8220;off&#8220; make_equal=&#8220;off&#8220; parallax_1=&#8220;off&#8220; parallax_method_1=&#8220;off&#8220; parallax_2=&#8220;off&#8220; parallax_method_2=&#8220;off&#8220;][et_pb_column type=&#8220;1_2&#8243;][et_pb_text admin_label=&#8220;Text: DesignFiX Project &#8230;&#8220; background_layout=&#8220;light&#8220; text_orientation=&#8220;left&#8220; use_border_color=&#8220;off&#8220; border_color=&#8220;#ffffff&#8220; border_style=&#8220;solid&#8220;]<\/p>\n<h2>DesignFiX &#8211; Projekt\u00a0Rebar-Design<br \/>\nBewehrungsanschluss<\/h2>\n<p>Bemessung von nachtr\u00e4glichen<br \/>\nBewehrungsanschl\u00fcssen im<br \/>\nStahlbetonbau.<\/p>\n<p>[\/et_pb_text][et_pb_image admin_label=&#8220;Image&#8220; src=&#8220;https:\/\/www.designfix.de\/wp-content\/uploads\/2017\/02\/RebarBox.png&#8220; show_in_lightbox=&#8220;off&#8220; url_new_window=&#8220;off&#8220; animation=&#8220;left&#8220; sticky=&#8220;off&#8220; align=&#8220;left&#8220; force_fullwidth=&#8220;off&#8220; always_center_on_mobile=&#8220;on&#8220; use_border_color=&#8220;off&#8220; border_color=&#8220;#ffffff&#8220; border_style=&#8220;solid&#8220; use_overlay=&#8220;off&#8220; \/][\/et_pb_column][et_pb_column type=&#8220;1_2&#8243;][et_pb_image admin_label=&#8220;Image&#8220; src=&#8220;https:\/\/www.designfix.de\/wp-content\/uploads\/2017\/02\/DFiX-RebarPC.png&#8220; show_in_lightbox=&#8220;on&#8220; url_new_window=&#8220;off&#8220; animation=&#8220;right&#8220; sticky=&#8220;off&#8220; align=&#8220;left&#8220; force_fullwidth=&#8220;off&#8220; always_center_on_mobile=&#8220;on&#8220; use_border_color=&#8220;off&#8220; border_color=&#8220;#ffffff&#8220; border_style=&#8220;solid&#8220; use_overlay=&#8220;off&#8220; \/][\/et_pb_column][\/et_pb_row][et_pb_row admin_label=&#8220;Row&#8220; make_fullwidth=&#8220;off&#8220; use_custom_width=&#8220;off&#8220; width_unit=&#8220;on&#8220; use_custom_gutter=&#8220;off&#8220; background_image=&#8220;https:\/\/www.designfix.de\/wp-content\/uploads\/2017\/02\/DFiX-Rebar.jpg&#8220; allow_player_pause=&#8220;off&#8220; parallax=&#8220;on&#8220; parallax_method=&#8220;on&#8220; make_equal=&#8220;off&#8220; parallax_1=&#8220;off&#8220; parallax_method_1=&#8220;off&#8220;][et_pb_column type=&#8220;4_4&#8243;][et_pb_text admin_label=&#8220;Text We are looking forward seeing you&#8220; background_layout=&#8220;light&#8220; text_orientation=&#8220;left&#8220; use_border_color=&#8220;off&#8220; border_color=&#8220;#ffffff&#8220; border_style=&#8220;solid&#8220;]<\/p>\n<p>&nbsp;<\/p>\n<h1 style=\"text-align: center;\"><\/h1>\n<h1 style=\"text-align: center;\"><span style=\"color: #ffcc00;\">Wir freuen uns auf Ihren Besuch<br \/>\n<\/span><\/h1>\n<h1 style=\"text-align: center;\"><span style=\"color: #ffcc00;\">an unserem Stand 684 in Halle 1<\/span><\/h1>\n<h1 style=\"text-align: center;\"><span style=\"color: #ffcc00;\">\u00a0\u00a0<\/span><\/h1>\n<p>&nbsp;<\/p>\n<p>[\/et_pb_text][\/et_pb_column][\/et_pb_row][et_pb_row admin_label=&#8220;Row&#8220; make_fullwidth=&#8220;off&#8220; use_custom_width=&#8220;off&#8220; width_unit=&#8220;on&#8220; use_custom_gutter=&#8220;off&#8220; background_image=&#8220;https:\/\/www.designfix.de\/wp-content\/uploads\/2017\/02\/DFiX-Rebar2.jpg&#8220; allow_player_pause=&#8220;off&#8220; parallax=&#8220;on&#8220; parallax_method=&#8220;on&#8220; make_equal=&#8220;off&#8220; parallax_1=&#8220;off&#8220; parallax_method_1=&#8220;off&#8220;][et_pb_column type=&#8220;4_4&#8243;][et_pb_text admin_label=&#8220;Bewehrungsanschluss&#8220; background_layout=&#8220;light&#8220; text_orientation=&#8220;center&#8220; use_border_color=&#8220;off&#8220; border_color=&#8220;#ffffff&#8220; border_style=&#8220;solid&#8220;]<\/p>\n<h1 style=\"text-align: center;\"><span style=\"text-decoration: underline;\"><span style=\"color: #000000; text-decoration: underline;\">Bewehrungsanschluss<\/span>:<\/span><br \/>\n<span style=\"color: #000000;\"> Platte \/ Platte<\/span><br \/>\n<span style=\"color: #000000;\"> Platte \/ Platte mit Auflager<\/span><br \/>\n<span style=\"color: #000000;\">Deckung der Zugkraftlinie<\/span><br \/>\n<span style=\"color: #000000;\">Platte \/ Wand<\/span><br \/>\n<span style=\"color: #000000;\"> Wand \/ Wand<\/span><br \/>\n<span style=\"color: #000000;\">Wand \/ Fundament<\/span><\/h1>\n<p>[\/et_pb_text][\/et_pb_column][\/et_pb_row][et_pb_row admin_label=&#8220;Row&#8220; make_fullwidth=&#8220;off&#8220; use_custom_width=&#8220;off&#8220; width_unit=&#8220;on&#8220; use_custom_gutter=&#8220;off&#8220; background_image=&#8220;https:\/\/www.designfix.de\/wp-content\/uploads\/2017\/02\/DFiX-Rebar3.jpg&#8220; allow_player_pause=&#8220;off&#8220; parallax=&#8220;on&#8220; parallax_method=&#8220;on&#8220; make_equal=&#8220;off&#8220; parallax_1=&#8220;off&#8220; parallax_method_1=&#8220;off&#8220;][et_pb_column type=&#8220;4_4&#8243;][et_pb_text admin_label=&#8220;Text Blank&#8220; background_layout=&#8220;light&#8220; text_orientation=&#8220;left&#8220; use_border_color=&#8220;off&#8220; border_color=&#8220;#ffffff&#8220; border_style=&#8220;solid&#8220;]<\/p>\n<p>.<\/p>\n<p>.<\/p>\n<p>[\/et_pb_text][\/et_pb_column][\/et_pb_row][et_pb_row admin_label=&#8220;Row&#8220;][et_pb_column type=&#8220;4_4&#8243;][et_pb_image admin_label=&#8220;Image&#8220; src=&#8220;https:\/\/www.designfix.de\/wp-content\/uploads\/2017\/02\/DesignFiX-RebarHover.gif&#8220; show_in_lightbox=&#8220;off&#8220; url_new_window=&#8220;off&#8220; use_overlay=&#8220;off&#8220; animation=&#8220;left&#8220; sticky=&#8220;off&#8220; align=&#8220;left&#8220; force_fullwidth=&#8220;off&#8220; always_center_on_mobile=&#8220;on&#8220; use_border_color=&#8220;off&#8220; border_color=&#8220;#ffffff&#8220; border_style=&#8220;solid&#8220; \/][et_pb_text admin_label=&#8220;Text&#8220; background_layout=&#8220;light&#8220; text_orientation=&#8220;left&#8220; use_border_color=&#8220;off&#8220; border_color=&#8220;#ffffff&#8220; border_style=&#8220;solid&#8220; custom_margin=&#8220;30px|||&#8220;]<\/p>\n<h1 style=\"text-align: center;\">Das <span style=\"color: #395692;\"><a style=\"color: #395692;\" href=\"https:\/\/www.designfix.de\/de\/team\/\">DesignFiX-Team<\/a><\/span> freut sich auf Ihren Besuch!<\/h1>\n<p>[\/et_pb_text][et_pb_image admin_label=&#8220;Image Team&#8220; src=&#8220;https:\/\/www.designfix.de\/wp-content\/uploads\/2015\/12\/DesignFiX-Team.jpg&#8220; show_in_lightbox=&#8220;on&#8220; url_new_window=&#8220;off&#8220; use_overlay=&#8220;off&#8220; animation=&#8220;left&#8220; sticky=&#8220;off&#8220; align=&#8220;center&#8220; force_fullwidth=&#8220;off&#8220; always_center_on_mobile=&#8220;on&#8220; use_border_color=&#8220;off&#8220; border_color=&#8220;#ffffff&#8220; border_style=&#8220;solid&#8220; \/][\/et_pb_column][\/et_pb_row][\/et_pb_section][et_pb_section bb_built=&#8220;1&#8243; admin_label=&#8220;Section&#8220; fullwidth=&#8220;on&#8220; specialty=&#8220;off&#8220; transparent_background=&#8220;off&#8220; allow_player_pause=&#8220;off&#8220; inner_shadow=&#8220;off&#8220; parallax=&#8220;off&#8220; parallax_method=&#8220;off&#8220; padding_mobile=&#8220;off&#8220; make_fullwidth=&#8220;off&#8220; use_custom_width=&#8220;off&#8220; width_unit=&#8220;on&#8220; make_equal=&#8220;off&#8220; use_custom_gutter=&#8220;off&#8220; gutter_width=&#8220;3&#8243;][et_pb_fullwidth_slider admin_label=&#8220;Fullwidth Slider %22Was ist in DesignFiX enthalten?%22&#8243; show_arrows=&#8220;off&#8220; show_pagination=&#8220;off&#8220; auto=&#8220;on&#8220; parallax=&#8220;on&#8220; auto_ignore_hover=&#8220;off&#8220; parallax_method=&#8220;off&#8220; remove_inner_shadow=&#8220;off&#8220; background_position=&#8220;default&#8220; background_size=&#8220;default&#8220; hide_content_on_mobile=&#8220;off&#8220; hide_cta_on_mobile=&#8220;off&#8220; show_image_video_mobile=&#8220;off&#8220; header_font_size=&#8220;30&#8243; custom_button=&#8220;off&#8220; button_letter_spacing=&#8220;0&#8243; button_use_icon=&#8220;default&#8220; button_icon_placement=&#8220;right&#8220; button_on_hover=&#8220;on&#8220; button_letter_spacing_hover=&#8220;0&#8243; saved_tabs=&#8220;all&#8220;] [et_pb_slide heading=&#8220;Sie sind D\u00fcbelhersteller oder H\u00e4ndler?&#8220; alignment=&#8220;center&#8220; background_layout=&#8220;dark&#8220; background_position=&#8220;default&#8220; background_size=&#8220;default&#8220; allow_player_pause=&#8220;off&#8220; header_font_select=&#8220;default&#8220; body_font_select=&#8220;default&#8220; custom_button=&#8220;off&#8220; button_font_select=&#8220;default&#8220; button_use_icon=&#8220;default&#8220; button_icon_placement=&#8220;right&#8220; button_on_hover=&#8220;on&#8220; background_color=&#8220;#525252&#8243; use_bg_overlay=&#8220;off&#8220; use_text_overlay=&#8220;off&#8220; text_border_radius=&#8220;3&#8243; header_font=&#8220;||||&#8220; body_font=&#8220;||||&#8220; button_font=&#8220;||||&#8220;]Wir zeigen Ihnen die Implementation Ihrer Anker in DesignFiX[\/et_pb_slide][et_pb_slide heading=&#8220;Warum DesignFiX?&#8220; background_color=&#8220;#525252&#8243; alignment=&#8220;center&#8220; background_layout=&#8220;dark&#8220; background_position=&#8220;default&#8220; background_size=&#8220;default&#8220; allow_player_pause=&#8220;off&#8220; header_font_select=&#8220;default&#8220; body_font_select=&#8220;default&#8220; custom_button=&#8220;off&#8220; button_font_select=&#8220;default&#8220; button_use_icon=&#8220;default&#8220; button_icon_placement=&#8220;right&#8220; button_on_hover=&#8220;on&#8220; use_bg_overlay=&#8220;off&#8220; use_text_overlay=&#8220;off&#8220; text_border_radius=&#8220;3&#8243; header_font=&#8220;||||&#8220; body_font=&#8220;||||&#8220; button_font=&#8220;||||&#8220;]Es ist kompatibel und ETA konform[\/et_pb_slide] [\/et_pb_fullwidth_slider][et_pb_fullwidth_portfolio admin_label=&#8220;Fullwidth Portfolio Case Study&#8220; fullwidth=&#8220;on&#8220; show_title=&#8220;on&#8220; show_date=&#8220;off&#8220; background_layout=&#8220;dark&#8220; auto=&#8220;on&#8220; auto_speed=&#8220;5000&#8243; hover_overlay_color=&#8220;rgba(255,255,255,0.9)&#8220; use_border_color=&#8220;off&#8220; border_color=&#8220;#ffffff&#8220; border_style=&#8220;solid&#8220; \/][\/et_pb_section]<\/p>\n","protected":false},"excerpt":{"rendered":"<p>DesignFiX Rebar-Design: Bemessung von nachtr\u00e4glichen Bewehrungsanschl\u00fcssen im Stahlbetonbau, Fastener Fair: Halle 1, Stand 684<\/p>\n","protected":false},"author":1,"featured_media":4356,"comment_status":"open","ping_status":"open","sticky":false,"template":"","format":"standard","meta":{"_et_pb_use_builder":"on","_et_pb_old_content":"","_et_gb_content_width":"","jetpack_post_was_ever_published":false,"_jetpack_newsletter_access":"","_jetpack_dont_email_post_to_subs":true,"_jetpack_newsletter_tier_id":0,"_jetpack_memberships_contains_paywalled_content":false,"_jetpack_memberships_contains_paid_content":false,"footnotes":""},"categories":[52],"tags":[13,18,36,43,62,64,951],"class_list":["post-4436","post","type-post","status-publish","format-standard","has-post-thumbnail","hentry","category-on-tour","tag-etag-de","tag-modul","tag-module","tag-update-de","tag-rebar","tag-bewehrungsanschluss","tag-messe"],"yoast_head":"<!-- This site is optimized with the Yoast SEO Premium plugin v27.5 (Yoast SEO v27.5) - https:\/\/yoast.com\/product\/yoast-seo-premium-wordpress\/ -->\n<title>DesignFiX - Rebar Design Fastener Fair 2017 - DesignFiX<\/title>\n<meta name=\"description\" content=\"DesignFiX Rebar-Design: Bemessung von nachtr\u00e4glichen Bewehrungsanschl\u00fcssen im Stahlbetonbau, Fastener Fair: Halle 1, Stand 684\" \/>\n<meta name=\"robots\" content=\"index, follow, max-snippet:-1, max-image-preview:large, max-video-preview:-1\" \/>\n<link rel=\"canonical\" href=\"https:\/\/www.designfix.de\/de\/rebar-vorschau\/\" \/>\n<meta property=\"og:locale\" content=\"de_DE\" \/>\n<meta property=\"og:type\" content=\"article\" \/>\n<meta property=\"og:title\" content=\"DesignFiX - Rebar Design Fastener Fair 2017\" \/>\n<meta property=\"og:description\" content=\"DesignFiX Rebar-Design: Bemessung von nachtr\u00e4glichen Bewehrungsanschl\u00fcssen im Stahlbetonbau, Fastener Fair: Halle 1, Stand 684\" \/>\n<meta property=\"og:url\" content=\"https:\/\/www.designfix.de\/de\/rebar-vorschau\/\" \/>\n<meta property=\"og:site_name\" content=\"DesignFiX\" \/>\n<meta property=\"article:published_time\" content=\"2017-02-11T14:54:51+00:00\" \/>\n<meta property=\"article:modified_time\" content=\"2017-03-21T18:54:23+00:00\" \/>\n<meta property=\"og:image\" content=\"https:\/\/www.designfix.de\/wp-content\/uploads\/2017\/02\/FeatRebarNew.jpg\" \/>\n\t<meta property=\"og:image:width\" content=\"400\" \/>\n\t<meta property=\"og:image:height\" content=\"250\" \/>\n\t<meta property=\"og:image:type\" content=\"image\/jpeg\" \/>\n<meta name=\"author\" content=\"Stefan Ziegler\" \/>\n<meta name=\"twitter:card\" content=\"summary_large_image\" \/>\n<meta name=\"twitter:label1\" content=\"Verfasst von\" \/>\n\t<meta name=\"twitter:data1\" content=\"Stefan Ziegler\" \/>\n\t<meta name=\"twitter:label2\" content=\"Gesch\u00e4tzte Lesezeit\" \/>\n\t<meta name=\"twitter:data2\" content=\"6\u00a0Minuten\" \/>\n<script type=\"application\/ld+json\" class=\"yoast-schema-graph\">{\"@context\":\"https:\\\/\\\/schema.org\",\"@graph\":[{\"@type\":\"Article\",\"@id\":\"https:\\\/\\\/www.designfix.de\\\/de\\\/rebar-vorschau\\\/#article\",\"isPartOf\":{\"@id\":\"https:\\\/\\\/www.designfix.de\\\/de\\\/rebar-vorschau\\\/\"},\"author\":{\"name\":\"Stefan Ziegler\",\"@id\":\"https:\\\/\\\/www.designfix.de\\\/#\\\/schema\\\/person\\\/471efe253c9e6d1c3e2d4ce4ccf310a5\"},\"headline\":\"DesignFiX &#8211; Rebar Design Fastener Fair 2017\",\"datePublished\":\"2017-02-11T14:54:51+00:00\",\"dateModified\":\"2017-03-21T18:54:23+00:00\",\"mainEntityOfPage\":{\"@id\":\"https:\\\/\\\/www.designfix.de\\\/de\\\/rebar-vorschau\\\/\"},\"wordCount\":1210,\"commentCount\":0,\"publisher\":{\"@id\":\"https:\\\/\\\/www.designfix.de\\\/#organization\"},\"image\":{\"@id\":\"https:\\\/\\\/www.designfix.de\\\/de\\\/rebar-vorschau\\\/#primaryimage\"},\"thumbnailUrl\":\"https:\\\/\\\/www.designfix.de\\\/wp-content\\\/uploads\\\/2017\\\/02\\\/FeatRebarNew.jpg\",\"keywords\":[\"ETAG\",\"Modul\",\"Module\",\"Update\",\"Rebar\",\"Bewehrungsanschluss\",\"Messe\"],\"articleSection\":[\"DesignFiX On Tour\"],\"inLanguage\":\"de\",\"potentialAction\":[{\"@type\":\"CommentAction\",\"name\":\"Comment\",\"target\":[\"https:\\\/\\\/www.designfix.de\\\/de\\\/rebar-vorschau\\\/#respond\"]}]},{\"@type\":\"WebPage\",\"@id\":\"https:\\\/\\\/www.designfix.de\\\/de\\\/rebar-vorschau\\\/\",\"url\":\"https:\\\/\\\/www.designfix.de\\\/de\\\/rebar-vorschau\\\/\",\"name\":\"DesignFiX - Rebar Design Fastener Fair 2017 - DesignFiX\",\"isPartOf\":{\"@id\":\"https:\\\/\\\/www.designfix.de\\\/#website\"},\"primaryImageOfPage\":{\"@id\":\"https:\\\/\\\/www.designfix.de\\\/de\\\/rebar-vorschau\\\/#primaryimage\"},\"image\":{\"@id\":\"https:\\\/\\\/www.designfix.de\\\/de\\\/rebar-vorschau\\\/#primaryimage\"},\"thumbnailUrl\":\"https:\\\/\\\/www.designfix.de\\\/wp-content\\\/uploads\\\/2017\\\/02\\\/FeatRebarNew.jpg\",\"datePublished\":\"2017-02-11T14:54:51+00:00\",\"dateModified\":\"2017-03-21T18:54:23+00:00\",\"description\":\"DesignFiX Rebar-Design: Bemessung von nachtr\u00e4glichen Bewehrungsanschl\u00fcssen im Stahlbetonbau, Fastener Fair: Halle 1, Stand 684\",\"breadcrumb\":{\"@id\":\"https:\\\/\\\/www.designfix.de\\\/de\\\/rebar-vorschau\\\/#breadcrumb\"},\"inLanguage\":\"de\",\"potentialAction\":[{\"@type\":\"ReadAction\",\"target\":[\"https:\\\/\\\/www.designfix.de\\\/de\\\/rebar-vorschau\\\/\"]}]},{\"@type\":\"ImageObject\",\"inLanguage\":\"de\",\"@id\":\"https:\\\/\\\/www.designfix.de\\\/de\\\/rebar-vorschau\\\/#primaryimage\",\"url\":\"https:\\\/\\\/www.designfix.de\\\/wp-content\\\/uploads\\\/2017\\\/02\\\/FeatRebarNew.jpg\",\"contentUrl\":\"https:\\\/\\\/www.designfix.de\\\/wp-content\\\/uploads\\\/2017\\\/02\\\/FeatRebarNew.jpg\",\"width\":400,\"height\":250},{\"@type\":\"BreadcrumbList\",\"@id\":\"https:\\\/\\\/www.designfix.de\\\/de\\\/rebar-vorschau\\\/#breadcrumb\",\"itemListElement\":[{\"@type\":\"ListItem\",\"position\":1,\"name\":\"Startseite\",\"item\":\"https:\\\/\\\/www.designfix.de\\\/de\\\/\"},{\"@type\":\"ListItem\",\"position\":2,\"name\":\"DesignFiX &#8211; Rebar Design Fastener Fair 2017\"}]},{\"@type\":\"WebSite\",\"@id\":\"https:\\\/\\\/www.designfix.de\\\/#website\",\"url\":\"https:\\\/\\\/www.designfix.de\\\/\",\"name\":\"DesignFiX\",\"description\":\"Anchor design software\",\"publisher\":{\"@id\":\"https:\\\/\\\/www.designfix.de\\\/#organization\"},\"potentialAction\":[{\"@type\":\"SearchAction\",\"target\":{\"@type\":\"EntryPoint\",\"urlTemplate\":\"https:\\\/\\\/www.designfix.de\\\/?s={search_term_string}\"},\"query-input\":{\"@type\":\"PropertyValueSpecification\",\"valueRequired\":true,\"valueName\":\"search_term_string\"}}],\"inLanguage\":\"de\"},{\"@type\":\"Organization\",\"@id\":\"https:\\\/\\\/www.designfix.de\\\/#organization\",\"name\":\"ZiWu-Soft EDV Systeme GmbH\",\"url\":\"https:\\\/\\\/www.designfix.de\\\/\",\"logo\":{\"@type\":\"ImageObject\",\"inLanguage\":\"de\",\"@id\":\"https:\\\/\\\/www.designfix.de\\\/#\\\/schema\\\/logo\\\/image\\\/\",\"url\":\"https:\\\/\\\/www.designfix.de\\\/wp-content\\\/uploads\\\/2016\\\/01\\\/cropped-DesignFiX-SiteIcon.jpg\",\"contentUrl\":\"https:\\\/\\\/www.designfix.de\\\/wp-content\\\/uploads\\\/2016\\\/01\\\/cropped-DesignFiX-SiteIcon.jpg\",\"width\":512,\"height\":512,\"caption\":\"ZiWu-Soft EDV Systeme GmbH\"},\"image\":{\"@id\":\"https:\\\/\\\/www.designfix.de\\\/#\\\/schema\\\/logo\\\/image\\\/\"},\"sameAs\":[\"https:\\\/\\\/www.linkedin.com\\\/company\\\/11433641\\\/\",\"https:\\\/\\\/www.youtube.com\\\/user\\\/DesignFiXVideo\"]},{\"@type\":\"Person\",\"@id\":\"https:\\\/\\\/www.designfix.de\\\/#\\\/schema\\\/person\\\/471efe253c9e6d1c3e2d4ce4ccf310a5\",\"name\":\"Stefan Ziegler\",\"image\":{\"@type\":\"ImageObject\",\"inLanguage\":\"de\",\"@id\":\"https:\\\/\\\/secure.gravatar.com\\\/avatar\\\/a624602bec23137de81f49083967e10fc6c0825b7d3e2dc2079328f5ccac23e7?s=96&r=g\",\"url\":\"https:\\\/\\\/secure.gravatar.com\\\/avatar\\\/a624602bec23137de81f49083967e10fc6c0825b7d3e2dc2079328f5ccac23e7?s=96&r=g\",\"contentUrl\":\"https:\\\/\\\/secure.gravatar.com\\\/avatar\\\/a624602bec23137de81f49083967e10fc6c0825b7d3e2dc2079328f5ccac23e7?s=96&r=g\",\"caption\":\"Stefan Ziegler\"},\"sameAs\":[\"https:\\\/\\\/www.designfix.de\"],\"url\":\"https:\\\/\\\/www.designfix.de\\\/de\\\/author\\\/sziegler\\\/\"}]}<\/script>\n<!-- \/ Yoast SEO Premium plugin. -->","yoast_head_json":{"title":"DesignFiX - Rebar Design Fastener Fair 2017 - DesignFiX","description":"DesignFiX Rebar-Design: Bemessung von nachtr\u00e4glichen Bewehrungsanschl\u00fcssen im Stahlbetonbau, Fastener Fair: Halle 1, Stand 684","robots":{"index":"index","follow":"follow","max-snippet":"max-snippet:-1","max-image-preview":"max-image-preview:large","max-video-preview":"max-video-preview:-1"},"canonical":"https:\/\/www.designfix.de\/de\/rebar-vorschau\/","og_locale":"de_DE","og_type":"article","og_title":"DesignFiX - Rebar Design Fastener Fair 2017","og_description":"DesignFiX Rebar-Design: Bemessung von nachtr\u00e4glichen Bewehrungsanschl\u00fcssen im Stahlbetonbau, Fastener Fair: Halle 1, Stand 684","og_url":"https:\/\/www.designfix.de\/de\/rebar-vorschau\/","og_site_name":"DesignFiX","article_published_time":"2017-02-11T14:54:51+00:00","article_modified_time":"2017-03-21T18:54:23+00:00","og_image":[{"width":400,"height":250,"url":"https:\/\/www.designfix.de\/wp-content\/uploads\/2017\/02\/FeatRebarNew.jpg","type":"image\/jpeg"}],"author":"Stefan Ziegler","twitter_card":"summary_large_image","twitter_misc":{"Verfasst von":"Stefan Ziegler","Gesch\u00e4tzte Lesezeit":"6\u00a0Minuten"},"schema":{"@context":"https:\/\/schema.org","@graph":[{"@type":"Article","@id":"https:\/\/www.designfix.de\/de\/rebar-vorschau\/#article","isPartOf":{"@id":"https:\/\/www.designfix.de\/de\/rebar-vorschau\/"},"author":{"name":"Stefan Ziegler","@id":"https:\/\/www.designfix.de\/#\/schema\/person\/471efe253c9e6d1c3e2d4ce4ccf310a5"},"headline":"DesignFiX &#8211; Rebar Design Fastener Fair 2017","datePublished":"2017-02-11T14:54:51+00:00","dateModified":"2017-03-21T18:54:23+00:00","mainEntityOfPage":{"@id":"https:\/\/www.designfix.de\/de\/rebar-vorschau\/"},"wordCount":1210,"commentCount":0,"publisher":{"@id":"https:\/\/www.designfix.de\/#organization"},"image":{"@id":"https:\/\/www.designfix.de\/de\/rebar-vorschau\/#primaryimage"},"thumbnailUrl":"https:\/\/www.designfix.de\/wp-content\/uploads\/2017\/02\/FeatRebarNew.jpg","keywords":["ETAG","Modul","Module","Update","Rebar","Bewehrungsanschluss","Messe"],"articleSection":["DesignFiX On Tour"],"inLanguage":"de","potentialAction":[{"@type":"CommentAction","name":"Comment","target":["https:\/\/www.designfix.de\/de\/rebar-vorschau\/#respond"]}]},{"@type":"WebPage","@id":"https:\/\/www.designfix.de\/de\/rebar-vorschau\/","url":"https:\/\/www.designfix.de\/de\/rebar-vorschau\/","name":"DesignFiX - Rebar Design Fastener Fair 2017 - DesignFiX","isPartOf":{"@id":"https:\/\/www.designfix.de\/#website"},"primaryImageOfPage":{"@id":"https:\/\/www.designfix.de\/de\/rebar-vorschau\/#primaryimage"},"image":{"@id":"https:\/\/www.designfix.de\/de\/rebar-vorschau\/#primaryimage"},"thumbnailUrl":"https:\/\/www.designfix.de\/wp-content\/uploads\/2017\/02\/FeatRebarNew.jpg","datePublished":"2017-02-11T14:54:51+00:00","dateModified":"2017-03-21T18:54:23+00:00","description":"DesignFiX Rebar-Design: Bemessung von nachtr\u00e4glichen Bewehrungsanschl\u00fcssen im Stahlbetonbau, Fastener Fair: Halle 1, Stand 684","breadcrumb":{"@id":"https:\/\/www.designfix.de\/de\/rebar-vorschau\/#breadcrumb"},"inLanguage":"de","potentialAction":[{"@type":"ReadAction","target":["https:\/\/www.designfix.de\/de\/rebar-vorschau\/"]}]},{"@type":"ImageObject","inLanguage":"de","@id":"https:\/\/www.designfix.de\/de\/rebar-vorschau\/#primaryimage","url":"https:\/\/www.designfix.de\/wp-content\/uploads\/2017\/02\/FeatRebarNew.jpg","contentUrl":"https:\/\/www.designfix.de\/wp-content\/uploads\/2017\/02\/FeatRebarNew.jpg","width":400,"height":250},{"@type":"BreadcrumbList","@id":"https:\/\/www.designfix.de\/de\/rebar-vorschau\/#breadcrumb","itemListElement":[{"@type":"ListItem","position":1,"name":"Startseite","item":"https:\/\/www.designfix.de\/de\/"},{"@type":"ListItem","position":2,"name":"DesignFiX &#8211; Rebar Design Fastener Fair 2017"}]},{"@type":"WebSite","@id":"https:\/\/www.designfix.de\/#website","url":"https:\/\/www.designfix.de\/","name":"DesignFiX","description":"Anchor design software","publisher":{"@id":"https:\/\/www.designfix.de\/#organization"},"potentialAction":[{"@type":"SearchAction","target":{"@type":"EntryPoint","urlTemplate":"https:\/\/www.designfix.de\/?s={search_term_string}"},"query-input":{"@type":"PropertyValueSpecification","valueRequired":true,"valueName":"search_term_string"}}],"inLanguage":"de"},{"@type":"Organization","@id":"https:\/\/www.designfix.de\/#organization","name":"ZiWu-Soft EDV Systeme GmbH","url":"https:\/\/www.designfix.de\/","logo":{"@type":"ImageObject","inLanguage":"de","@id":"https:\/\/www.designfix.de\/#\/schema\/logo\/image\/","url":"https:\/\/www.designfix.de\/wp-content\/uploads\/2016\/01\/cropped-DesignFiX-SiteIcon.jpg","contentUrl":"https:\/\/www.designfix.de\/wp-content\/uploads\/2016\/01\/cropped-DesignFiX-SiteIcon.jpg","width":512,"height":512,"caption":"ZiWu-Soft EDV Systeme GmbH"},"image":{"@id":"https:\/\/www.designfix.de\/#\/schema\/logo\/image\/"},"sameAs":["https:\/\/www.linkedin.com\/company\/11433641\/","https:\/\/www.youtube.com\/user\/DesignFiXVideo"]},{"@type":"Person","@id":"https:\/\/www.designfix.de\/#\/schema\/person\/471efe253c9e6d1c3e2d4ce4ccf310a5","name":"Stefan Ziegler","image":{"@type":"ImageObject","inLanguage":"de","@id":"https:\/\/secure.gravatar.com\/avatar\/a624602bec23137de81f49083967e10fc6c0825b7d3e2dc2079328f5ccac23e7?s=96&r=g","url":"https:\/\/secure.gravatar.com\/avatar\/a624602bec23137de81f49083967e10fc6c0825b7d3e2dc2079328f5ccac23e7?s=96&r=g","contentUrl":"https:\/\/secure.gravatar.com\/avatar\/a624602bec23137de81f49083967e10fc6c0825b7d3e2dc2079328f5ccac23e7?s=96&r=g","caption":"Stefan Ziegler"},"sameAs":["https:\/\/www.designfix.de"],"url":"https:\/\/www.designfix.de\/de\/author\/sziegler\/"}]}},"jetpack_featured_media_url":"https:\/\/www.designfix.de\/wp-content\/uploads\/2017\/02\/FeatRebarNew.jpg","jetpack_sharing_enabled":true,"_links":{"self":[{"href":"https:\/\/www.designfix.de\/de\/wp-json\/wp\/v2\/posts\/4436","targetHints":{"allow":["GET"]}}],"collection":[{"href":"https:\/\/www.designfix.de\/de\/wp-json\/wp\/v2\/posts"}],"about":[{"href":"https:\/\/www.designfix.de\/de\/wp-json\/wp\/v2\/types\/post"}],"author":[{"embeddable":true,"href":"https:\/\/www.designfix.de\/de\/wp-json\/wp\/v2\/users\/1"}],"replies":[{"embeddable":true,"href":"https:\/\/www.designfix.de\/de\/wp-json\/wp\/v2\/comments?post=4436"}],"version-history":[{"count":10,"href":"https:\/\/www.designfix.de\/de\/wp-json\/wp\/v2\/posts\/4436\/revisions"}],"predecessor-version":[{"id":4709,"href":"https:\/\/www.designfix.de\/de\/wp-json\/wp\/v2\/posts\/4436\/revisions\/4709"}],"wp:featuredmedia":[{"embeddable":true,"href":"https:\/\/www.designfix.de\/de\/wp-json\/wp\/v2\/media\/4356"}],"wp:attachment":[{"href":"https:\/\/www.designfix.de\/de\/wp-json\/wp\/v2\/media?parent=4436"}],"wp:term":[{"taxonomy":"category","embeddable":true,"href":"https:\/\/www.designfix.de\/de\/wp-json\/wp\/v2\/categories?post=4436"},{"taxonomy":"post_tag","embeddable":true,"href":"https:\/\/www.designfix.de\/de\/wp-json\/wp\/v2\/tags?post=4436"}],"curies":[{"name":"wp","href":"https:\/\/api.w.org\/{rel}","templated":true}]}}